{"id":10536,"date":"2021-12-02T15:19:08","date_gmt":"2021-12-02T12:19:08","guid":{"rendered":"https:\/\/www.gunsel.com.tr\/?p=10536"},"modified":"2022-09-02T10:55:27","modified_gmt":"2022-09-02T07:55:27","slug":"gunsel-trncs-domestic-car-is-at-the-london-ev-show-with-its-first-model-b9","status":"publish","type":"post","link":"https:\/\/www.gunsel.com.tr\/en\/gunsel-trncs-domestic-car-is-at-the-london-ev-show-with-its-first-model-b9\/","title":{"rendered":"G\u00dcNSEL, TRNC\u2019s domestic car, is at the London EV Show with its first model B9!"},"content":{"rendered":"<p><div class=\"mariselle-image-container none\">\n                <img loading=\"lazy\" decoding=\"async\" width=\"2484\" height=\"1656\" src=\"https:\/\/www.gunsel.com.tr\/wp-content\/uploads\/2021\/12\/02\/GUNSEL-6.jpg?ver=3bd3657cd99318f325182490009c38b3\" class=\"lazy-image\" alt=\"\" srcset=\"https:\/\/www.gunsel.com.tr\/wp-content\/uploads\/2021\/12\/02\/GUNSEL-6.jpg?ver=3bd3657cd99318f325182490009c38b3 2484w, https:\/\/www.gunsel.com.tr\/wp-content\/uploads\/2021\/12\/02\/GUNSEL-6-300x200.jpg?ver=d532b43a6695e0e4fbec6b1a819c8dbf 300w, https:\/\/www.gunsel.com.tr\/wp-content\/uploads\/2021\/12\/02\/GUNSEL-6-1024x683.jpg?ver=d532b43a6695e0e4fbec6b1a819c8dbf 1024w, https:\/\/www.gunsel.com.tr\/wp-content\/uploads\/2021\/12\/02\/GUNSEL-6-768x512.jpg?ver=d532b43a6695e0e4fbec6b1a819c8dbf 768w, https:\/\/www.gunsel.com.tr\/wp-content\/uploads\/2021\/12\/02\/GUNSEL-6-1536x1024.jpg?ver=d532b43a6695e0e4fbec6b1a819c8dbf 1536w, https:\/\/www.gunsel.com.tr\/wp-content\/uploads\/2021\/12\/02\/GUNSEL-6-2048x1365.jpg?ver=3bd3657cd99318f325182490009c38b3 2048w\" sizes=\"auto, (max-width: 2484px) 100vw, 2484px\" \/>                            <\/div><br \/>\n<strong>Developed in the TRNC, G\u00dcNSEL set off with its first model B9 to attend the &#8220;London EV Show&#8221;, the electric car fair to be held in London on 14-16 December!<\/strong><\/p>\n<p>G\u00dcNSEL, a 100% electric car developed in the Turkish Republic of Northern Cyprus (TRNC), is preparing to introduce its first model, the B9, to the world. G\u00dcNSEL B9, which will appear at the electric car fair &#8220;London EV Show&#8221; to be held in London on 14-16 December, is on the road!<\/p>\n<p>The first launch of G\u00dcNSEL&#8217;s first model B9, which was developed in the TRNC with the initiative of the Near East Enterprises, was held in Kyrenia, TRNC on February 20, 2020. G\u00dcNSEL B9, which went out of Cyprus for the first time by participating in the MUSIAD EXPO 2020 Fair held in Istanbul on 18-21 November 2020, will go to the world showcase in London on 14-16 December for the London EV Show.<\/p>\n<p>250 designers, engineers and technicians have been continuing to work to make G\u00dcNSEL ready for mass production. The second phase of construction of G\u00dcNSEL&#8217;s production facilities, which completed the first phase of investment of its R&#038;D center and production facilities in 2019, is about to be completed in the area where the Near East University campus is located in Nicosia. G\u00dcNSEL, which has carried out more than 2,000 test drives in the last year with its heart red, island blue, beach yellow, sky blue, and stone gray prototypes, aims to start mass production at the end of 2022 and reach an annual production capacity of 40 thousand cars by 2027.<\/p>\n<p><div class=\"mariselle-image-container none\">\n                <img loading=\"lazy\" decoding=\"async\" width=\"1200\" height=\"1345\" src=\"https:\/\/www.gunsel.com.tr\/wp-content\/uploads\/2021\/12\/02\/irfan-suat-gunsel.jpg?ver=3bd3657cd99318f325182490009c38b3\" class=\"lazy-image\" alt=\"\" srcset=\"https:\/\/www.gunsel.com.tr\/wp-content\/uploads\/2021\/12\/02\/irfan-suat-gunsel.jpg?ver=3bd3657cd99318f325182490009c38b3 1200w, https:\/\/www.gunsel.com.tr\/wp-content\/uploads\/2021\/12\/02\/irfan-suat-gunsel-268x300.jpg?ver=3bd3657cd99318f325182490009c38b3 268w, https:\/\/www.gunsel.com.tr\/wp-content\/uploads\/2021\/12\/02\/irfan-suat-gunsel-914x1024.jpg?ver=3bd3657cd99318f325182490009c38b3 914w, https:\/\/www.gunsel.com.tr\/wp-content\/uploads\/2021\/12\/02\/irfan-suat-gunsel-768x861.jpg?ver=d532b43a6695e0e4fbec6b1a819c8dbf 768w\" sizes=\"auto, (max-width: 1200px) 100vw, 1200px\" \/>                            <\/div><br \/>\n<strong>Prof. Dr. \u0130rfan Suat G\u00fcnsel: \u201cAs we introduce our G\u00dcNSEL to the world, we will proudly wave the flag of our TRNC as well.\u201d<\/strong><br \/>\nStating that they are excited for G\u00dcNSEL, of which mass production works are continuing full speed and will go to the world showcase at the London EV Show, the Board of Trustees of the Near East Enterprises and G\u00dcNSEL Executive Board,  Prof. Dr. \u0130rfan Suat G\u00fcnsel said, &#8220;As we introduce our G\u00dcNSEL to the world, we will also proudly wave the flag of our Turkish Republic of Northern Cyprus around the world.&#8221; Emphasizing that G\u00dcNSEL is an environment-friendly automobile with its production processes and factory area, aside from being an electric car, Prof. Dr. \u0130rfan Suat G\u00fcnsel said, \u201cG\u00dcNSEL, which we have developed with the scientific and R&#038;D power of the Near East University, is the result of our responsibility to our country, the world and the society.\u201d Stating that he will accompany the G\u00dcNSEL team, which will participate in the London EV Show, Prof. Dr. \u0130rfan Suat G\u00fcnsel said, &#8220;I invite Turks living in Europe, especially in London, to the Business Design Center where the fair will be held to share this pride.&#8221;<br \/>\n<div id=\"gallery-1\" class=\"text-center mariselle-gallery gallery galleryid-10536 gallery-columns-6 gallery-size-thumbnail tile is-mobile flex is-multiline\">\n                <div class=\"gallery-item tile is-parent column is-6-mobile is-2\"\n                >\n                    <div class=\"tile is-child\">\n                        <div class=\"gallery-icon landscape\">\n                        <a class=\"mariselle-popup-image\"  href='https:\/\/www.gunsel.com.tr\/wp-content\/uploads\/2021\/12\/02\/GUNSEL-YOLDA3-scaled.jpg?ver=3bd3657cd99318f325182490009c38b3'><img loading=\"lazy\" decoding=\"async\" width=\"150\" height=\"150\" src=\"https:\/\/www.gunsel.com.tr\/wp-content\/uploads\/2021\/12\/02\/GUNSEL-YOLDA3-150x150.jpg?ver=3bd3657cd99318f325182490009c38b3\" class=\"lazy-image\" alt=\"\" srcset=\"https:\/\/www.gunsel.com.tr\/wp-content\/uploads\/2021\/12\/02\/GUNSEL-YOLDA3-150x150.jpg?ver=d532b43a6695e0e4fbec6b1a819c8dbf 150w, https:\/\/www.gunsel.com.tr\/wp-content\/uploads\/2021\/12\/02\/GUNSEL-YOLDA3-800x800.jpg?ver=d532b43a6695e0e4fbec6b1a819c8dbf 800w\" sizes=\"auto, (max-width: 150px) 100vw, 150px\" \/><\/a>                        <\/div>                    <\/div>\n                    <!-- \/.tile is-child -->\n                <\/div>\n                <!-- \/.gallery-item tile is-parent column is-6-mobile is-2 -->\n\n                \n                <div class=\"gallery-item tile is-parent column is-6-mobile is-2\"\n                >\n                    <div class=\"tile is-child\">\n                        <div class=\"gallery-icon landscape\">\n                        <a class=\"mariselle-popup-image\"  href='https:\/\/www.gunsel.com.tr\/wp-content\/uploads\/2021\/09\/07\/gunsel3321-1-1.jpg?ver=dcafdfaace4e47101c681ea60c83e405'><img loading=\"lazy\" decoding=\"async\" width=\"150\" height=\"150\" src=\"https:\/\/www.gunsel.com.tr\/wp-content\/uploads\/2021\/09\/07\/gunsel3321-1-1-150x150.jpg?ver=dcafdfaace4e47101c681ea60c83e405\" class=\"lazy-image\" alt=\"\" srcset=\"https:\/\/www.gunsel.com.tr\/wp-content\/uploads\/2021\/09\/07\/gunsel3321-1-1-150x150.jpg?ver=dcafdfaace4e47101c681ea60c83e405 150w, https:\/\/www.gunsel.com.tr\/wp-content\/uploads\/2021\/09\/07\/gunsel3321-1-1-800x800.jpg?ver=dcafdfaace4e47101c681ea60c83e405 800w\" sizes=\"auto, (max-width: 150px) 100vw, 150px\" \/><\/a>                        <\/div>                    <\/div>\n                    <!-- \/.tile is-child -->\n                <\/div>\n                <!-- \/.gallery-item tile is-parent column is-6-mobile is-2 -->\n\n                <\/div><!-- \/.gallery --><\/p>\n","protected":false},"excerpt":{"rendered":"<p>Developed in the TRNC, G\u00dcNSEL set off with its first model B9 to attend the &#8220;London EV Show&#8221;, the electric car fair to be held in London on 14-16 December! G\u00dcNSEL, a 100% electric car developed in the Turkish Republic of Northern Cyprus (TRNC), is preparing to introduce its first model, the B9, to the [&hellip;]<\/p>\n","protected":false},"author":11,"featured_media":10525,"comment_status":"closed","ping_status":"closed","sticky":false,"template":"","format":"standard","meta":{"footnotes":""},"categories":[85,86],"tags":[],"class_list":["post-10536","post","type-post","status-publish","format-standard","has-post-thumbnail","hentry","category-news","category-press-release-en"],"_links":{"self":[{"href":"https:\/\/www.gunsel.com.tr\/en\/wp-json\/wp\/v2\/posts\/10536","targetHints":{"allow":["GET"]}}],"collection":[{"href":"https:\/\/www.gunsel.com.tr\/en\/wp-json\/wp\/v2\/posts"}],"about":[{"href":"https:\/\/www.gunsel.com.tr\/en\/wp-json\/wp\/v2\/types\/post"}],"author":[{"embeddable":true,"href":"https:\/\/www.gunsel.com.tr\/en\/wp-json\/wp\/v2\/users\/11"}],"replies":[{"embeddable":true,"href":"https:\/\/www.gunsel.com.tr\/en\/wp-json\/wp\/v2\/comments?post=10536"}],"version-history":[{"count":1,"href":"https:\/\/www.gunsel.com.tr\/en\/wp-json\/wp\/v2\/posts\/10536\/revisions"}],"predecessor-version":[{"id":10538,"href":"https:\/\/www.gunsel.com.tr\/en\/wp-json\/wp\/v2\/posts\/10536\/revisions\/10538"}],"wp:featuredmedia":[{"embeddable":true,"href":"https:\/\/www.gunsel.com.tr\/en\/wp-json\/wp\/v2\/media\/10525"}],"wp:attachment":[{"href":"https:\/\/www.gunsel.com.tr\/en\/wp-json\/wp\/v2\/media?parent=10536"}],"wp:term":[{"taxonomy":"category","embeddable":true,"href":"https:\/\/www.gunsel.com.tr\/en\/wp-json\/wp\/v2\/categories?post=10536"},{"taxonomy":"post_tag","embeddable":true,"href":"https:\/\/www.gunsel.com.tr\/en\/wp-json\/wp\/v2\/tags?post=10536"}],"curies":[{"name":"wp","href":"https:\/\/api.w.org\/{rel}","templated":true}]}}