{"id":10828,"date":"2021-12-14T18:13:20","date_gmt":"2021-12-14T15:13:20","guid":{"rendered":"https:\/\/www.gunsel.com.tr\/?p=10828"},"modified":"2022-09-02T10:55:20","modified_gmt":"2022-09-02T07:55:20","slug":"trncs-domestic-car-gunsel-is-in-london-with-its-first-model-b9","status":"publish","type":"post","link":"https:\/\/www.gunsel.com.tr\/en\/trncs-domestic-car-gunsel-is-in-london-with-its-first-model-b9\/","title":{"rendered":"TRNC\u2019s domestic car G\u00dcNSEL is in London with its first model B9!"},"content":{"rendered":"<p><div class=\"mariselle-image-container center\">\n                <img loading=\"lazy\" decoding=\"async\" width=\"2000\" height=\"1402\" src=\"https:\/\/www.gunsel.com.tr\/wp-content\/uploads\/2021\/12\/14\/Gunsel-London-EV-SHOW-2-1.jpg?ver=d532b43a6695e0e4fbec6b1a819c8dbf\" class=\"lazy-image\" alt=\"\" srcset=\"https:\/\/www.gunsel.com.tr\/wp-content\/uploads\/2021\/12\/14\/Gunsel-London-EV-SHOW-2-1.jpg?ver=d532b43a6695e0e4fbec6b1a819c8dbf 2000w, https:\/\/www.gunsel.com.tr\/wp-content\/uploads\/2021\/12\/14\/Gunsel-London-EV-SHOW-2-1-300x210.jpg?ver=b9b6ae932679cfa7f1a6cf092e3ecd39 300w, https:\/\/www.gunsel.com.tr\/wp-content\/uploads\/2021\/12\/14\/Gunsel-London-EV-SHOW-2-1-1024x718.jpg?ver=b9b6ae932679cfa7f1a6cf092e3ecd39 1024w, https:\/\/www.gunsel.com.tr\/wp-content\/uploads\/2021\/12\/14\/Gunsel-London-EV-SHOW-2-1-768x538.jpg?ver=d532b43a6695e0e4fbec6b1a819c8dbf 768w, https:\/\/www.gunsel.com.tr\/wp-content\/uploads\/2021\/12\/14\/Gunsel-London-EV-SHOW-2-1-1536x1077.jpg?ver=b9b6ae932679cfa7f1a6cf092e3ecd39 1536w\" sizes=\"auto, (max-width: 2000px) 100vw, 2000px\" \/>                            <\/div><br \/>\n<strong>The London EV Show, where the TRNC&#8217;s domestic car G\u00dcNSEL showed up with its first model B9, has started!<\/strong><\/p>\n<p>The electric car fair &#8220;London EV Show&#8221;, in which G\u00dcNSEL, the 100 percent electric car brand developed and engineered in the Turkish Republic of Northern Cyprus, participated with its first model B9, started in London. G\u00dcNSEL took its first step towards the Continent of Europe with the London EV Show, which will continue for three days on 14-16 December.<\/p>\n<p>The first launch of G\u00dcNSEL&#8217;s first model B9, which was developed in the TRNC with the initiative of the Near East Enterprises, was held in Kyrenia, TRNC on February 20, 2020. G\u00dcNSEL B9, which went out of Cyprus for the first time by participating in the MUSIAD EXPO 2020 Fair held in Istanbul on 18-21 November 2020, is now at the world showcase in London through the London EV Show.<\/p>\n<p>250 designers, engineers and technicians have been continuing to work to make G\u00dcNSEL ready for mass production. The second phase of construction of G\u00dcNSEL&#8217;s production facilities, which completed the first phase of investment of its R&#038;D center and production facilities in 2019, is about to be completed in the area where the Near East University campus is located in Nicosia. G\u00dcNSEL, which has carried out more than 2,000 test drives in the last year with its heart red, island blue, beach yellow, sky blue, and stone gray prototypes, aims to start mass production at the end of 2022 and reach an annual production capacity of 40 thousand cars by 2027.<\/p>\n<p><div class=\"mariselle-image-container center\">\n                <img loading=\"lazy\" decoding=\"async\" width=\"2000\" height=\"1219\" src=\"https:\/\/www.gunsel.com.tr\/wp-content\/uploads\/2021\/12\/14\/IRFAN-SUAT-GUNSEL-13-1.jpg?ver=b9b6ae932679cfa7f1a6cf092e3ecd39\" class=\"lazy-image\" alt=\"\" srcset=\"https:\/\/www.gunsel.com.tr\/wp-content\/uploads\/2021\/12\/14\/IRFAN-SUAT-GUNSEL-13-1.jpg?ver=b9b6ae932679cfa7f1a6cf092e3ecd39 2000w, https:\/\/www.gunsel.com.tr\/wp-content\/uploads\/2021\/12\/14\/IRFAN-SUAT-GUNSEL-13-1-300x183.jpg?ver=d532b43a6695e0e4fbec6b1a819c8dbf 300w, https:\/\/www.gunsel.com.tr\/wp-content\/uploads\/2021\/12\/14\/IRFAN-SUAT-GUNSEL-13-1-1024x624.jpg?ver=d532b43a6695e0e4fbec6b1a819c8dbf 1024w, https:\/\/www.gunsel.com.tr\/wp-content\/uploads\/2021\/12\/14\/IRFAN-SUAT-GUNSEL-13-1-768x468.jpg?ver=d532b43a6695e0e4fbec6b1a819c8dbf 768w, https:\/\/www.gunsel.com.tr\/wp-content\/uploads\/2021\/12\/14\/IRFAN-SUAT-GUNSEL-13-1-1536x936.jpg?ver=d532b43a6695e0e4fbec6b1a819c8dbf 1536w\" sizes=\"auto, (max-width: 2000px) 100vw, 2000px\" \/>                            <\/div><br \/>\n<strong>Prof. Dr. \u0130rfan Suat G\u00fcnsel: \u201cWe are proud of flying the flag of the Turkish Republic of Northern Cyprus among the giants of the world.\u201d<\/strong><br \/>\nReminding that G\u00dcNSEL is the first automobile to be produced on the island of Cyprus, G\u00dcNSEL Chairman of the Board Prof. Dr. \u0130rfan Suat G\u00fcnsel said, &#8220;We are proud to wave the flag of the Turkish Republic of Northern Cyprus among the giants of the world at the London EV Show, which started in London today.&#8221; Prof. Dr. \u0130rfan Suat G\u00fcnsel said &#8220;G\u00dcNSEL, which we developed with the science production and R&#038;D power of Near East University, is on the world showcase at the London EV Show now, and this is a historical moment for our country&#8221;. Prof. Dr. \u0130rfan Suat G\u00fcnsel said, &#8220;I invite Turks living in Europe, especially in London, to the Business Design Center where the fair will be held to share this pride.&#8221;<\/p>\n<div id=\"gallery-1\" class=\"text-center mariselle-gallery gallery galleryid-10828 gallery-columns-6 gallery-size-thumbnail tile is-mobile flex is-multiline\">\n                <div class=\"gallery-item tile is-parent column is-6-mobile is-2\"\n                >\n                    <div class=\"tile is-child\">\n                        <div class=\"gallery-icon landscape\">\n                        <a class=\"mariselle-popup-image\"  href='https:\/\/www.gunsel.com.tr\/wp-content\/uploads\/2021\/12\/14\/Gunsel-London-EV-SHOW-1.jpg?ver=b9b6ae932679cfa7f1a6cf092e3ecd39'><img loading=\"lazy\" decoding=\"async\" width=\"150\" height=\"150\" src=\"https:\/\/www.gunsel.com.tr\/wp-content\/uploads\/2021\/12\/14\/Gunsel-London-EV-SHOW-1-150x150.jpg?ver=b9b6ae932679cfa7f1a6cf092e3ecd39\" class=\"lazy-image\" alt=\"\" srcset=\"https:\/\/www.gunsel.com.tr\/wp-content\/uploads\/2021\/12\/14\/Gunsel-London-EV-SHOW-1-150x150.jpg?ver=b9b6ae932679cfa7f1a6cf092e3ecd39 150w, https:\/\/www.gunsel.com.tr\/wp-content\/uploads\/2021\/12\/14\/Gunsel-London-EV-SHOW-1-800x800.jpg?ver=b9b6ae932679cfa7f1a6cf092e3ecd39 800w\" sizes=\"auto, (max-width: 150px) 100vw, 150px\" \/><\/a>                        <\/div>                    <\/div>\n                    <!-- \/.tile is-child -->\n                <\/div>\n                <!-- \/.gallery-item tile is-parent column is-6-mobile is-2 -->\n\n                \n                <div class=\"gallery-item tile is-parent column is-6-mobile is-2\"\n                >\n                    <div class=\"tile is-child\">\n                        <div class=\"gallery-icon landscape\">\n                        <a class=\"mariselle-popup-image\"  href='https:\/\/www.gunsel.com.tr\/wp-content\/uploads\/2021\/12\/14\/GUNSEL-7-1.jpg?ver=d532b43a6695e0e4fbec6b1a819c8dbf'><img loading=\"lazy\" decoding=\"async\" width=\"150\" height=\"150\" src=\"https:\/\/www.gunsel.com.tr\/wp-content\/uploads\/2021\/12\/14\/GUNSEL-7-1-150x150.jpg?ver=d532b43a6695e0e4fbec6b1a819c8dbf\" class=\"lazy-image\" alt=\"\" srcset=\"https:\/\/www.gunsel.com.tr\/wp-content\/uploads\/2021\/12\/14\/GUNSEL-7-1-150x150.jpg?ver=b9b6ae932679cfa7f1a6cf092e3ecd39 150w, https:\/\/www.gunsel.com.tr\/wp-content\/uploads\/2021\/12\/14\/GUNSEL-7-1-800x800.jpg?ver=b9b6ae932679cfa7f1a6cf092e3ecd39 800w\" sizes=\"auto, (max-width: 150px) 100vw, 150px\" \/><\/a>                        <\/div>                    <\/div>\n                    <!-- \/.tile is-child -->\n                <\/div>\n                <!-- \/.gallery-item tile is-parent column is-6-mobile is-2 -->\n\n                <\/div><!-- \/.gallery -->\n","protected":false},"excerpt":{"rendered":"<p>The London EV Show, where the TRNC&#8217;s domestic car G\u00dcNSEL showed up with its first model B9, has started! The electric car fair &#8220;London EV Show&#8221;, in which G\u00dcNSEL, the 100 percent electric car brand developed and engineered in the Turkish Republic of Northern Cyprus, participated with its first model B9, started in London. G\u00dcNSEL [&hellip;]<\/p>\n","protected":false},"author":11,"featured_media":10808,"comment_status":"closed","ping_status":"closed","sticky":false,"template":"","format":"standard","meta":{"footnotes":""},"categories":[85,86],"tags":[],"class_list":["post-10828","post","type-post","status-publish","format-standard","has-post-thumbnail","hentry","category-news","category-press-release-en"],"_links":{"self":[{"href":"https:\/\/www.gunsel.com.tr\/en\/wp-json\/wp\/v2\/posts\/10828","targetHints":{"allow":["GET"]}}],"collection":[{"href":"https:\/\/www.gunsel.com.tr\/en\/wp-json\/wp\/v2\/posts"}],"about":[{"href":"https:\/\/www.gunsel.com.tr\/en\/wp-json\/wp\/v2\/types\/post"}],"author":[{"embeddable":true,"href":"https:\/\/www.gunsel.com.tr\/en\/wp-json\/wp\/v2\/users\/11"}],"replies":[{"embeddable":true,"href":"https:\/\/www.gunsel.com.tr\/en\/wp-json\/wp\/v2\/comments?post=10828"}],"version-history":[{"count":1,"href":"https:\/\/www.gunsel.com.tr\/en\/wp-json\/wp\/v2\/posts\/10828\/revisions"}],"predecessor-version":[{"id":10829,"href":"https:\/\/www.gunsel.com.tr\/en\/wp-json\/wp\/v2\/posts\/10828\/revisions\/10829"}],"wp:featuredmedia":[{"embeddable":true,"href":"https:\/\/www.gunsel.com.tr\/en\/wp-json\/wp\/v2\/media\/10808"}],"wp:attachment":[{"href":"https:\/\/www.gunsel.com.tr\/en\/wp-json\/wp\/v2\/media?parent=10828"}],"wp:term":[{"taxonomy":"category","embeddable":true,"href":"https:\/\/www.gunsel.com.tr\/en\/wp-json\/wp\/v2\/categories?post=10828"},{"taxonomy":"post_tag","embeddable":true,"href":"https:\/\/www.gunsel.com.tr\/en\/wp-json\/wp\/v2\/tags?post=10828"}],"curies":[{"name":"wp","href":"https:\/\/api.w.org\/{rel}","templated":true}]}}