{"id":15187,"date":"2022-10-20T14:18:47","date_gmt":"2022-10-20T11:18:47","guid":{"rendered":"https:\/\/www.gunsel.com.tr\/?p=15187"},"modified":"2022-10-20T14:18:47","modified_gmt":"2022-10-20T11:18:47","slug":"ridvan-duran-deputy-minister-of-family-and-social-services-of-the-republic-of-turkey-visited-gunsel-and-made-a-test-drive-with-the-trncs-domestic-car","status":"publish","type":"post","link":"https:\/\/www.gunsel.com.tr\/en\/ridvan-duran-deputy-minister-of-family-and-social-services-of-the-republic-of-turkey-visited-gunsel-and-made-a-test-drive-with-the-trncs-domestic-car\/","title":{"rendered":"R\u0131dvan Duran, Deputy Minister of Family and Social Services of the Republic of Turkey, visited G\u00dcNSEL and made a test drive with the TRNC&#8217;s domestic car"},"content":{"rendered":"<p><div class=\"mariselle-image-container center\">\n                <img loading=\"lazy\" decoding=\"async\" width=\"2000\" height=\"1345\" src=\"https:\/\/www.gunsel.com.tr\/wp-content\/uploads\/2022\/10\/20\/Aile-ve-Sosyal-Hizmetler-Bakan-Yardimcisi-Ridvan-Duran-GUNSEL-Ziyareti-1.jpg?ver=c2cea10bc2e282d5c42fa66547b96f1a\" class=\"lazy-image\" alt=\"\" srcset=\"https:\/\/www.gunsel.com.tr\/wp-content\/uploads\/2022\/10\/20\/Aile-ve-Sosyal-Hizmetler-Bakan-Yardimcisi-Ridvan-Duran-GUNSEL-Ziyareti-1.jpg?ver=c2cea10bc2e282d5c42fa66547b96f1a 2000w, https:\/\/www.gunsel.com.tr\/wp-content\/uploads\/2022\/10\/20\/Aile-ve-Sosyal-Hizmetler-Bakan-Yardimcisi-Ridvan-Duran-GUNSEL-Ziyareti-1-300x202.jpg?ver=c2cea10bc2e282d5c42fa66547b96f1a 300w, https:\/\/www.gunsel.com.tr\/wp-content\/uploads\/2022\/10\/20\/Aile-ve-Sosyal-Hizmetler-Bakan-Yardimcisi-Ridvan-Duran-GUNSEL-Ziyareti-1-1024x689.jpg?ver=c2cea10bc2e282d5c42fa66547b96f1a 1024w, https:\/\/www.gunsel.com.tr\/wp-content\/uploads\/2022\/10\/20\/Aile-ve-Sosyal-Hizmetler-Bakan-Yardimcisi-Ridvan-Duran-GUNSEL-Ziyareti-1-768x516.jpg?ver=c2cea10bc2e282d5c42fa66547b96f1a 768w, https:\/\/www.gunsel.com.tr\/wp-content\/uploads\/2022\/10\/20\/Aile-ve-Sosyal-Hizmetler-Bakan-Yardimcisi-Ridvan-Duran-GUNSEL-Ziyareti-1-1536x1033.jpg?ver=c2cea10bc2e282d5c42fa66547b96f1a 1536w\" sizes=\"auto, (max-width: 2000px) 100vw, 2000px\" \/>                            <\/div><br \/>\n<strong>R\u0131dvan Duran, Deputy Minister of Family and Social Services of the Republic of Turkey, made a test drive with the TRNC&#8217;s Domestic and National Car &#8220;G\u00dcNSEL B9&#8221; and examined the production facilities.<\/strong><\/p>\n<p>R\u0131dvan Duran, Deputy Minister of Family and Social Services of the Republic of Turkey, also visited the G\u00dcNSEL Production Facilities located on the Near East University Campus in the Turkish Republic of Northern Cyprus, where he visited to make official contacts, and tested the first model of the TRNC&#8217;s domestic and national car G\u00dcNSEL, the B9. <\/p>\n<p>During the visit accompanied by the TRNC Minister of Labor and Social Security Hasan Ta\u00e7oy, R\u0131dvan Duran, who made a test drive in the driving area of \u200b\u200bG\u00dcNSEL Production Facilities, had an informative presentation made by the Near East Enterprises Board of Trustees and G\u00dcNSEL Chairman of the Board Prof. Dr.  \u0130rfan Suat G\u00fcnsel. After the test drive, Duran, who made examinations at the production facilities with his delegation, also received information about the mass production operations of G\u00dcNSEL.<\/p>\n<p><div class=\"mariselle-image-container center\">\n                <img loading=\"lazy\" decoding=\"async\" width=\"2000\" height=\"1333\" src=\"https:\/\/www.gunsel.com.tr\/wp-content\/uploads\/2022\/10\/20\/Aile-ve-Sosyal-Hizmetler-Bakan-Yardimcisi-Ridvan-Duran-GUNSEL-Ziyareti-2.jpg?ver=c2cea10bc2e282d5c42fa66547b96f1a\" class=\"lazy-image\" alt=\"\" srcset=\"https:\/\/www.gunsel.com.tr\/wp-content\/uploads\/2022\/10\/20\/Aile-ve-Sosyal-Hizmetler-Bakan-Yardimcisi-Ridvan-Duran-GUNSEL-Ziyareti-2.jpg?ver=c2cea10bc2e282d5c42fa66547b96f1a 2000w, https:\/\/www.gunsel.com.tr\/wp-content\/uploads\/2022\/10\/20\/Aile-ve-Sosyal-Hizmetler-Bakan-Yardimcisi-Ridvan-Duran-GUNSEL-Ziyareti-2-300x200.jpg?ver=c2cea10bc2e282d5c42fa66547b96f1a 300w, https:\/\/www.gunsel.com.tr\/wp-content\/uploads\/2022\/10\/20\/Aile-ve-Sosyal-Hizmetler-Bakan-Yardimcisi-Ridvan-Duran-GUNSEL-Ziyareti-2-1024x682.jpg?ver=c2cea10bc2e282d5c42fa66547b96f1a 1024w, https:\/\/www.gunsel.com.tr\/wp-content\/uploads\/2022\/10\/20\/Aile-ve-Sosyal-Hizmetler-Bakan-Yardimcisi-Ridvan-Duran-GUNSEL-Ziyareti-2-768x512.jpg?ver=c2cea10bc2e282d5c42fa66547b96f1a 768w, https:\/\/www.gunsel.com.tr\/wp-content\/uploads\/2022\/10\/20\/Aile-ve-Sosyal-Hizmetler-Bakan-Yardimcisi-Ridvan-Duran-GUNSEL-Ziyareti-2-1536x1024.jpg?ver=c2cea10bc2e282d5c42fa66547b96f1a 1536w\" sizes=\"auto, (max-width: 2000px) 100vw, 2000px\" \/>                            <\/div><br \/>\n<strong>R\u0131dvan Duran: \u201cWe were proud of G\u00dcNSEL. Hopefully, we will see it on the roads soon after it goes into mass production.\u201d<\/strong><br \/>\nR\u0131dvan Duran, Deputy Minister of Family and Social Services, who made a statement after the examinations he carried out at G\u00dcNSEL Production Facilities, said, \u201cWe are proud of G\u00dcNSEL. Hopefully, we will see it on the roads soon after it goes into mass production.\u201d<\/p>\n<p>R\u0131dvan Duran, who said that he found the driving performance of the G\u00dcNSEL B9 to be very successful, said, &#8220;I found the acceleration, deceleration, handling and driving comfort of the vehicle very successful. I congratulate everyone involved.\u201d<\/p>\n<p><div class=\"mariselle-image-container center\">\n                <img loading=\"lazy\" decoding=\"async\" width=\"2000\" height=\"1263\" src=\"https:\/\/www.gunsel.com.tr\/wp-content\/uploads\/2022\/10\/20\/Aile-ve-Sosyal-Hizmetler-Bakan-Yardimcisi-Ridvan-Duran-GUNSEL-Ziyareti-3.jpg?ver=c2cea10bc2e282d5c42fa66547b96f1a\" class=\"lazy-image\" alt=\"\" srcset=\"https:\/\/www.gunsel.com.tr\/wp-content\/uploads\/2022\/10\/20\/Aile-ve-Sosyal-Hizmetler-Bakan-Yardimcisi-Ridvan-Duran-GUNSEL-Ziyareti-3.jpg?ver=c2cea10bc2e282d5c42fa66547b96f1a 2000w, https:\/\/www.gunsel.com.tr\/wp-content\/uploads\/2022\/10\/20\/Aile-ve-Sosyal-Hizmetler-Bakan-Yardimcisi-Ridvan-Duran-GUNSEL-Ziyareti-3-300x189.jpg?ver=c2cea10bc2e282d5c42fa66547b96f1a 300w, https:\/\/www.gunsel.com.tr\/wp-content\/uploads\/2022\/10\/20\/Aile-ve-Sosyal-Hizmetler-Bakan-Yardimcisi-Ridvan-Duran-GUNSEL-Ziyareti-3-1024x647.jpg?ver=c2cea10bc2e282d5c42fa66547b96f1a 1024w, https:\/\/www.gunsel.com.tr\/wp-content\/uploads\/2022\/10\/20\/Aile-ve-Sosyal-Hizmetler-Bakan-Yardimcisi-Ridvan-Duran-GUNSEL-Ziyareti-3-768x485.jpg?ver=c2cea10bc2e282d5c42fa66547b96f1a 768w, https:\/\/www.gunsel.com.tr\/wp-content\/uploads\/2022\/10\/20\/Aile-ve-Sosyal-Hizmetler-Bakan-Yardimcisi-Ridvan-Duran-GUNSEL-Ziyareti-3-1536x970.jpg?ver=c2cea10bc2e282d5c42fa66547b96f1a 1536w\" sizes=\"auto, (max-width: 2000px) 100vw, 2000px\" \/>                            <\/div><br \/>\n<strong>Prof. Dr. \u0130rfan Suat G\u00fcnsel: \u201cThe interest and support we receive from Turkey as we continue our work for the mass production of G\u00dcNSEL always gives us strength.\u201d<\/strong><br \/>\nNear East Enterprises Board of Trustees and G\u00dcNSEL Chairman of the Board Prof. Dr. \u0130rfan Suat G\u00fcnsel said, \u201cIt is a great pleasure for us to host Mr. R\u0131dvan Duran, Deputy Minister of Family and Social Services of Turkey, in our production facilities. I would like to thank him for his courteous visits.\u201d<\/p>\n<p><div class=\"mariselle-image-container center\">\n                <img loading=\"lazy\" decoding=\"async\" width=\"2000\" height=\"1333\" src=\"https:\/\/www.gunsel.com.tr\/wp-content\/uploads\/2022\/10\/20\/Aile-ve-Sosyal-Hizmetler-Bakan-Yardimcisi-Ridvan-Duran-GUNSEL-Ziyareti-4.jpg?ver=c2cea10bc2e282d5c42fa66547b96f1a\" class=\"lazy-image\" alt=\"\" srcset=\"https:\/\/www.gunsel.com.tr\/wp-content\/uploads\/2022\/10\/20\/Aile-ve-Sosyal-Hizmetler-Bakan-Yardimcisi-Ridvan-Duran-GUNSEL-Ziyareti-4.jpg?ver=c2cea10bc2e282d5c42fa66547b96f1a 2000w, https:\/\/www.gunsel.com.tr\/wp-content\/uploads\/2022\/10\/20\/Aile-ve-Sosyal-Hizmetler-Bakan-Yardimcisi-Ridvan-Duran-GUNSEL-Ziyareti-4-300x200.jpg?ver=c2cea10bc2e282d5c42fa66547b96f1a 300w, https:\/\/www.gunsel.com.tr\/wp-content\/uploads\/2022\/10\/20\/Aile-ve-Sosyal-Hizmetler-Bakan-Yardimcisi-Ridvan-Duran-GUNSEL-Ziyareti-4-1024x682.jpg?ver=c2cea10bc2e282d5c42fa66547b96f1a 1024w, https:\/\/www.gunsel.com.tr\/wp-content\/uploads\/2022\/10\/20\/Aile-ve-Sosyal-Hizmetler-Bakan-Yardimcisi-Ridvan-Duran-GUNSEL-Ziyareti-4-768x512.jpg?ver=c2cea10bc2e282d5c42fa66547b96f1a 768w, https:\/\/www.gunsel.com.tr\/wp-content\/uploads\/2022\/10\/20\/Aile-ve-Sosyal-Hizmetler-Bakan-Yardimcisi-Ridvan-Duran-GUNSEL-Ziyareti-4-1536x1024.jpg?ver=c2cea10bc2e282d5c42fa66547b96f1a 1536w\" sizes=\"auto, (max-width: 2000px) 100vw, 2000px\" \/>                            <\/div><br \/>\nEmphasizing that G\u00dcNSEL&#8217;s mass production preparations continue, Prof. Dr. G\u00fcnsel said, \u201cAs we continue our work for the mass production of G\u00dcNSEL, the interest and support we receive from Turkey always give us strength.\u201d<\/p>\n","protected":false},"excerpt":{"rendered":"<p>R\u0131dvan Duran, Deputy Minister of Family and Social Services of the Republic of Turkey, made a test drive with the TRNC&#8217;s Domestic and National Car &#8220;G\u00dcNSEL B9&#8221; and examined the production facilities. R\u0131dvan Duran, Deputy Minister of Family and Social Services of the Republic of Turkey, also visited the G\u00dcNSEL Production Facilities located on the [&hellip;]<\/p>\n","protected":false},"author":16,"featured_media":15163,"comment_status":"closed","ping_status":"closed","sticky":false,"template":"","format":"standard","meta":{"footnotes":""},"categories":[85],"tags":[],"class_list":["post-15187","post","type-post","status-publish","format-standard","has-post-thumbnail","hentry","category-news"],"_links":{"self":[{"href":"https:\/\/www.gunsel.com.tr\/en\/wp-json\/wp\/v2\/posts\/15187","targetHints":{"allow":["GET"]}}],"collection":[{"href":"https:\/\/www.gunsel.com.tr\/en\/wp-json\/wp\/v2\/posts"}],"about":[{"href":"https:\/\/www.gunsel.com.tr\/en\/wp-json\/wp\/v2\/types\/post"}],"author":[{"embeddable":true,"href":"https:\/\/www.gunsel.com.tr\/en\/wp-json\/wp\/v2\/users\/16"}],"replies":[{"embeddable":true,"href":"https:\/\/www.gunsel.com.tr\/en\/wp-json\/wp\/v2\/comments?post=15187"}],"version-history":[{"count":1,"href":"https:\/\/www.gunsel.com.tr\/en\/wp-json\/wp\/v2\/posts\/15187\/revisions"}],"predecessor-version":[{"id":15188,"href":"https:\/\/www.gunsel.com.tr\/en\/wp-json\/wp\/v2\/posts\/15187\/revisions\/15188"}],"wp:featuredmedia":[{"embeddable":true,"href":"https:\/\/www.gunsel.com.tr\/en\/wp-json\/wp\/v2\/media\/15163"}],"wp:attachment":[{"href":"https:\/\/www.gunsel.com.tr\/en\/wp-json\/wp\/v2\/media?parent=15187"}],"wp:term":[{"taxonomy":"category","embeddable":true,"href":"https:\/\/www.gunsel.com.tr\/en\/wp-json\/wp\/v2\/categories?post=15187"},{"taxonomy":"post_tag","embeddable":true,"href":"https:\/\/www.gunsel.com.tr\/en\/wp-json\/wp\/v2\/tags?post=15187"}],"curies":[{"name":"wp","href":"https:\/\/api.w.org\/{rel}","templated":true}]}}